{"id":10,"date":"2023-06-02T16:20:28","date_gmt":"2023-06-02T14:20:28","guid":{"rendered":"http:\/\/vsch.velosportcyclohyerois.com\/blog\/?p=10"},"modified":"2024-07-06T22:01:54","modified_gmt":"2024-07-06T20:01:54","slug":"historique-du-vsch","status":"publish","type":"post","link":"https:\/\/vsch.velosportcyclohyerois.com\/blog\/2023\/06\/02\/historique-du-vsch\/","title":{"rendered":"Historique"},"content":{"rendered":"\n<blockquote class=\"wp-block-quote is-layout-flow wp-block-quote-is-layout-flow\">\n<p>Cr\u00e9\u00e9 en 1995, \u00e0 la demande de la municipalit\u00e9, le VSCH (V\u00e9lo Sport Cyclo Hy\u00e8rois) est n\u00e9 de la fusion du VSHC (V\u00e9lo Sport Hy\u00e8rois Cyclo) aux couleurs verte et blanche et du CCH (Cyclo Club Hy\u00e8res) aux couleurs orange, rouge et blanche. D&rsquo;o\u00fb ressortent les couleurs actuelles du VSCH (orange, verte et blanche).<br>Le club est affili\u00e9 \u00e0 la FF v\u00e9lo (formation fran\u00e7aise v\u00e9lo).<br>Participation \u00e0 de nombreux brevets (200, 300, 400 et 600 km), \u00e0 des voyages itin\u00e9rants comme Hy\u00e8res-Valoriate (Ville italienne jumel\u00e9e avec Hy\u00e8res). La participation \u00e0 P\u00e2ques en Provence, BCMF, semaines f\u00e9d\u00e9rales, Pais-Brest-Paris pour certains.<br>Le club organise \u00e9galement 2 s\u00e9jours FF V\u00e9lo en mars, o\u00f9 se retrouvent \u00e0 Collobri\u00e8res des licenci\u00e9s FFV de toute la France sous la conduite de nos moniteurs.<br>A notre grand regret, nous ne pouvons plus organiser notre randonn\u00e9e VTT annuelle du fait de la non autorisation des propri\u00e9taires.<\/p>\n<\/blockquote>\n","protected":false},"excerpt":{"rendered":"<p>Cr\u00e9\u00e9 en 1995, \u00e0 la demande de la municipalit\u00e9, le VSCH (V\u00e9lo Sport Cyclo Hy\u00e8rois) est n\u00e9 de la fusion du VSHC (V\u00e9lo Sport Hy\u00e8rois Cyclo) aux couleurs verte et blanche et du CCH (Cyclo Club Hy\u00e8res) aux couleurs orange, rouge et blanche. D&rsquo;o\u00fb ressortent les couleurs actuelles du VSCH (orange, verte et blanche).Le club [&hellip;]<\/p>\n","protected":false},"author":1,"featured_media":0,"comment_status":"closed","ping_status":"closed","sticky":false,"template":"","format":"standard","meta":{"footnotes":""},"categories":[3],"tags":[],"class_list":["post-10","post","type-post","status-publish","format-standard","hentry","category-leclub"],"_links":{"self":[{"href":"https:\/\/vsch.velosportcyclohyerois.com\/blog\/wp-json\/wp\/v2\/posts\/10","targetHints":{"allow":["GET"]}}],"collection":[{"href":"https:\/\/vsch.velosportcyclohyerois.com\/blog\/wp-json\/wp\/v2\/posts"}],"about":[{"href":"https:\/\/vsch.velosportcyclohyerois.com\/blog\/wp-json\/wp\/v2\/types\/post"}],"author":[{"embeddable":true,"href":"https:\/\/vsch.velosportcyclohyerois.com\/blog\/wp-json\/wp\/v2\/users\/1"}],"replies":[{"embeddable":true,"href":"https:\/\/vsch.velosportcyclohyerois.com\/blog\/wp-json\/wp\/v2\/comments?post=10"}],"version-history":[{"count":3,"href":"https:\/\/vsch.velosportcyclohyerois.com\/blog\/wp-json\/wp\/v2\/posts\/10\/revisions"}],"predecessor-version":[{"id":580,"href":"https:\/\/vsch.velosportcyclohyerois.com\/blog\/wp-json\/wp\/v2\/posts\/10\/revisions\/580"}],"wp:attachment":[{"href":"https:\/\/vsch.velosportcyclohyerois.com\/blog\/wp-json\/wp\/v2\/media?parent=10"}],"wp:term":[{"taxonomy":"category","embeddable":true,"href":"https:\/\/vsch.velosportcyclohyerois.com\/blog\/wp-json\/wp\/v2\/categories?post=10"},{"taxonomy":"post_tag","embeddable":true,"href":"https:\/\/vsch.velosportcyclohyerois.com\/blog\/wp-json\/wp\/v2\/tags?post=10"}],"curies":[{"name":"wp","href":"https:\/\/api.w.org\/{rel}","templated":true}]}}