{"id":244,"date":"2023-11-24T18:23:20","date_gmt":"2023-11-24T17:23:20","guid":{"rendered":"https:\/\/vsch.velosportcyclohyerois.com\/blog\/?p=244"},"modified":"2024-09-08T20:25:33","modified_gmt":"2024-09-08T18:25:33","slug":"section-vtt-adultes","status":"publish","type":"post","link":"https:\/\/vsch.velosportcyclohyerois.com\/blog\/2023\/11\/24\/section-vtt-adultes\/","title":{"rendered":"Section VTT adultes"},"content":{"rendered":"\n<p>CONTACT: Yves LESCAVAREC. T\u00e9l: 06 19 29 66 47<\/p>\n\n\n\n<p>La section rassemble les amoureux de la nature, jeunes ou moins jeunes \u00e9quip\u00e9s de VTT ou VAE. Quelques jeunes de l&rsquo;\u00e9cole VTT commencent \u00e0 int\u00e9grer le groupe ponctuellement. Un groupe WhatsApp s\u2019est form\u00e9 pour communiquer rapidement, et ainsi \u00e9changer les photos et les envies de parcours ou randonn\u00e9es. <\/p>\n\n\n<div class=\"wp-block-image\">\n<figure class=\"aligncenter size-full\"><img loading=\"lazy\" decoding=\"async\" width=\"573\" height=\"517\" src=\"https:\/\/vsch.velosportcyclohyerois.com\/blog\/wp-content\/uploads\/2023\/11\/IMG_20231124_140106.jpg\" alt=\"\" class=\"wp-image-236\" srcset=\"https:\/\/vsch.velosportcyclohyerois.com\/blog\/wp-content\/uploads\/2023\/11\/IMG_20231124_140106.jpg 573w, https:\/\/vsch.velosportcyclohyerois.com\/blog\/wp-content\/uploads\/2023\/11\/IMG_20231124_140106-300x271.jpg 300w\" sizes=\"auto, (max-width: 573px) 100vw, 573px\" \/><\/figure>\n<\/div>\n\n\n<p>Les parcours varient entre 20 km et 40 km et plus pour cro\u00eetre les difficult\u00e9s .<\/p>\n\n\n<div class=\"wp-block-image\">\n<figure class=\"aligncenter size-large\"><img loading=\"lazy\" decoding=\"async\" width=\"1024\" height=\"768\" src=\"https:\/\/vsch.velosportcyclohyerois.com\/blog\/wp-content\/uploads\/2023\/11\/IMG20231101122304-1024x768.jpg\" alt=\"\" class=\"wp-image-234\" srcset=\"https:\/\/vsch.velosportcyclohyerois.com\/blog\/wp-content\/uploads\/2023\/11\/IMG20231101122304-1024x768.jpg 1024w, https:\/\/vsch.velosportcyclohyerois.com\/blog\/wp-content\/uploads\/2023\/11\/IMG20231101122304-300x225.jpg 300w, https:\/\/vsch.velosportcyclohyerois.com\/blog\/wp-content\/uploads\/2023\/11\/IMG20231101122304-768x576.jpg 768w, https:\/\/vsch.velosportcyclohyerois.com\/blog\/wp-content\/uploads\/2023\/11\/IMG20231101122304-1536x1152.jpg 1536w, https:\/\/vsch.velosportcyclohyerois.com\/blog\/wp-content\/uploads\/2023\/11\/IMG20231101122304-2048x1536.jpg 2048w, https:\/\/vsch.velosportcyclohyerois.com\/blog\/wp-content\/uploads\/2023\/11\/IMG20231101122304-624x468.jpg 624w\" sizes=\"auto, (max-width: 1024px) 100vw, 1024px\" \/><\/figure>\n<\/div>\n\n\n<p> Randonn\u00e9e \u00e0 Sault dans le Vaucluse. Un paysage magnifique avec les gorges de la Nesque notamment. <\/p>\n\n\n\n<figure class=\"wp-block-image size-large\"><img decoding=\"async\" src=\"https:\/\/vsch.velosportcyclohyerois.com\/blog\/wp-content\/uploads\/2024\/02\/IMG20240218094227-scaled.jpg\" alt=\"\"\/><\/figure>\n\n\n\n<p> Sortie dominicale sur le Coudon.<\/p>\n","protected":false},"excerpt":{"rendered":"<p>CONTACT: Yves LESCAVAREC. T\u00e9l: 06 19 29 66 47 La section rassemble les amoureux de la nature, jeunes ou moins jeunes \u00e9quip\u00e9s de VTT ou VAE. Quelques jeunes de l&rsquo;\u00e9cole VTT commencent \u00e0 int\u00e9grer le groupe ponctuellement. Un groupe WhatsApp s\u2019est form\u00e9 pour communiquer rapidement, et ainsi \u00e9changer les photos et les envies de parcours [&hellip;]<\/p>\n","protected":false},"author":1,"featured_media":0,"comment_status":"closed","ping_status":"closed","sticky":false,"template":"","format":"standard","meta":{"footnotes":""},"categories":[10],"tags":[],"class_list":["post-244","post","type-post","status-publish","format-standard","hentry","category-les-pratiques"],"_links":{"self":[{"href":"https:\/\/vsch.velosportcyclohyerois.com\/blog\/wp-json\/wp\/v2\/posts\/244","targetHints":{"allow":["GET"]}}],"collection":[{"href":"https:\/\/vsch.velosportcyclohyerois.com\/blog\/wp-json\/wp\/v2\/posts"}],"about":[{"href":"https:\/\/vsch.velosportcyclohyerois.com\/blog\/wp-json\/wp\/v2\/types\/post"}],"author":[{"embeddable":true,"href":"https:\/\/vsch.velosportcyclohyerois.com\/blog\/wp-json\/wp\/v2\/users\/1"}],"replies":[{"embeddable":true,"href":"https:\/\/vsch.velosportcyclohyerois.com\/blog\/wp-json\/wp\/v2\/comments?post=244"}],"version-history":[{"count":8,"href":"https:\/\/vsch.velosportcyclohyerois.com\/blog\/wp-json\/wp\/v2\/posts\/244\/revisions"}],"predecessor-version":[{"id":720,"href":"https:\/\/vsch.velosportcyclohyerois.com\/blog\/wp-json\/wp\/v2\/posts\/244\/revisions\/720"}],"wp:attachment":[{"href":"https:\/\/vsch.velosportcyclohyerois.com\/blog\/wp-json\/wp\/v2\/media?parent=244"}],"wp:term":[{"taxonomy":"category","embeddable":true,"href":"https:\/\/vsch.velosportcyclohyerois.com\/blog\/wp-json\/wp\/v2\/categories?post=244"},{"taxonomy":"post_tag","embeddable":true,"href":"https:\/\/vsch.velosportcyclohyerois.com\/blog\/wp-json\/wp\/v2\/tags?post=244"}],"curies":[{"name":"wp","href":"https:\/\/api.w.org\/{rel}","templated":true}]}}