{"id":40,"date":"2023-06-03T15:21:11","date_gmt":"2023-06-03T13:21:11","guid":{"rendered":"https:\/\/vsch.velosportcyclohyerois.com\/blog\/?p=40"},"modified":"2025-03-26T11:14:21","modified_gmt":"2025-03-26T10:14:21","slug":"ecole-vtt","status":"publish","type":"post","link":"https:\/\/vsch.velosportcyclohyerois.com\/blog\/2023\/06\/03\/ecole-vtt\/","title":{"rendered":"\u00c9cole VTT"},"content":{"rendered":"\n<p>Le VTT, une passion aux sensations incomparables vous avez entre 7 et 18 ans, filles , gar\u00e7ons, vous aimez le v\u00e9lo, la nature. Venez nous rejoindre dans une ambiance chaleureuse et conviviale.<\/p>\n\n\n\n<p><strong><u>Le projet p\u00e9dagogique<\/u><\/strong><br>Le document : <a rel=\"noreferrer noopener\" href=\"http:\/\/www.velosportcyclohyerois.com\/documents\/ProjetPedagogiqueEcole.pdf\" target=\"_blank\"><strong>ICI<\/strong><\/a><\/p>\n\n\n\n<p><strong><u>Le r\u00e8glement int\u00e9rieur<\/u><\/strong><br>Le document : <strong><a href=\"https:\/\/vsch.velosportcyclohyerois.com\/blog\/documents\/club\/ReglementEcole.pdf\" target=\"_blank\" rel=\"noreferrer noopener\">ICI<\/a><\/strong><\/p>\n\n\n<div class=\"wp-block-image\">\n<figure class=\"aligncenter size-large\"><img loading=\"lazy\" decoding=\"async\" width=\"1024\" height=\"768\" src=\"https:\/\/vsch.velosportcyclohyerois.com\/blog\/wp-content\/uploads\/2023\/11\/IMG20231014091923-1024x768.jpg\" alt=\"\" class=\"wp-image-235\" srcset=\"https:\/\/vsch.velosportcyclohyerois.com\/blog\/wp-content\/uploads\/2023\/11\/IMG20231014091923-1024x768.jpg 1024w, https:\/\/vsch.velosportcyclohyerois.com\/blog\/wp-content\/uploads\/2023\/11\/IMG20231014091923-300x225.jpg 300w, https:\/\/vsch.velosportcyclohyerois.com\/blog\/wp-content\/uploads\/2023\/11\/IMG20231014091923-768x576.jpg 768w, https:\/\/vsch.velosportcyclohyerois.com\/blog\/wp-content\/uploads\/2023\/11\/IMG20231014091923-1536x1152.jpg 1536w, https:\/\/vsch.velosportcyclohyerois.com\/blog\/wp-content\/uploads\/2023\/11\/IMG20231014091923-2048x1536.jpg 2048w, https:\/\/vsch.velosportcyclohyerois.com\/blog\/wp-content\/uploads\/2023\/11\/IMG20231014091923-624x468.jpg 624w\" sizes=\"auto, (max-width: 1024px) 100vw, 1024px\" \/><\/figure>\n<\/div>\n\n\n<p> Des moniteurs dipl\u00f4m\u00e9s vous accueilleront, un programme adapt\u00e9 vous permettra d&rsquo;am\u00e9liorer votre ma\u00eetrise du VTT. Maniabilit\u00e9, \u00e9quilibre, m\u00e9canique, orientation, technique, esprit de groupe en toute s\u00e9curit\u00e9.<\/p>\n\n\n\n<figure class=\"wp-block-image\"><img loading=\"lazy\" decoding=\"async\" width=\"2560\" height=\"1920\" src=\"https:\/\/vsch.velosportcyclohyerois.com\/blog\/wp-content\/uploads\/2024\/02\/PHOTO-ECOLE-VTT-DU-samedi-3-fevrier-2024-scaled.jpg\" alt=\"\" class=\"wp-image-317\" srcset=\"https:\/\/vsch.velosportcyclohyerois.com\/blog\/wp-content\/uploads\/2024\/02\/PHOTO-ECOLE-VTT-DU-samedi-3-fevrier-2024-scaled.jpg 2560w, https:\/\/vsch.velosportcyclohyerois.com\/blog\/wp-content\/uploads\/2024\/02\/PHOTO-ECOLE-VTT-DU-samedi-3-fevrier-2024-300x225.jpg 300w, https:\/\/vsch.velosportcyclohyerois.com\/blog\/wp-content\/uploads\/2024\/02\/PHOTO-ECOLE-VTT-DU-samedi-3-fevrier-2024-1024x768.jpg 1024w, https:\/\/vsch.velosportcyclohyerois.com\/blog\/wp-content\/uploads\/2024\/02\/PHOTO-ECOLE-VTT-DU-samedi-3-fevrier-2024-768x576.jpg 768w, https:\/\/vsch.velosportcyclohyerois.com\/blog\/wp-content\/uploads\/2024\/02\/PHOTO-ECOLE-VTT-DU-samedi-3-fevrier-2024-1536x1152.jpg 1536w, https:\/\/vsch.velosportcyclohyerois.com\/blog\/wp-content\/uploads\/2024\/02\/PHOTO-ECOLE-VTT-DU-samedi-3-fevrier-2024-2048x1536.jpg 2048w, https:\/\/vsch.velosportcyclohyerois.com\/blog\/wp-content\/uploads\/2024\/02\/PHOTO-ECOLE-VTT-DU-samedi-3-fevrier-2024-624x468.jpg 624w\" sizes=\"auto, (max-width: 2560px) 100vw, 2560px\" \/><\/figure>\n\n\n\n<p> Le ch\u00e2teau de Hy\u00e8res. <\/p>\n\n\n\n<figure class=\"wp-block-image\"><img loading=\"lazy\" decoding=\"async\" width=\"2560\" height=\"1920\" src=\"https:\/\/vsch.velosportcyclohyerois.com\/blog\/wp-content\/uploads\/2023\/11\/IMG20231014094818-scaled.jpg\" alt=\"\" class=\"wp-image-249\" srcset=\"https:\/\/vsch.velosportcyclohyerois.com\/blog\/wp-content\/uploads\/2023\/11\/IMG20231014094818-scaled.jpg 2560w, https:\/\/vsch.velosportcyclohyerois.com\/blog\/wp-content\/uploads\/2023\/11\/IMG20231014094818-300x225.jpg 300w, https:\/\/vsch.velosportcyclohyerois.com\/blog\/wp-content\/uploads\/2023\/11\/IMG20231014094818-1024x768.jpg 1024w, https:\/\/vsch.velosportcyclohyerois.com\/blog\/wp-content\/uploads\/2023\/11\/IMG20231014094818-768x576.jpg 768w, https:\/\/vsch.velosportcyclohyerois.com\/blog\/wp-content\/uploads\/2023\/11\/IMG20231014094818-1536x1152.jpg 1536w, https:\/\/vsch.velosportcyclohyerois.com\/blog\/wp-content\/uploads\/2023\/11\/IMG20231014094818-2048x1536.jpg 2048w, https:\/\/vsch.velosportcyclohyerois.com\/blog\/wp-content\/uploads\/2023\/11\/IMG20231014094818-624x468.jpg 624w\" sizes=\"auto, (max-width: 2560px) 100vw, 2560px\" \/><\/figure>\n\n\n\n<p>Atelier de mise en pratique sur le stade du CRAPA des Borrels.<\/p>\n\n\n\n<p><strong><strong><u>Les forces vives<\/u><\/strong><\/strong><\/p>\n\n\n\n<div class=\"wp-block-columns is-layout-flex wp-container-core-columns-is-layout-9d6595d7 wp-block-columns-is-layout-flex\">\n<div class=\"wp-block-column is-layout-flow wp-block-column-is-layout-flow\" style=\"flex-basis:100%\">\n<figure class=\"wp-block-table\"><table><tbody><tr><th>NOM Pr\u00e9nom<\/th><th class=\"has-text-align-center\" data-align=\"center\">Fonctions<\/th><th>@Mail<\/th><th>T\u00e9l\u00e9phone<\/th><\/tr><tr><td>CELLIER Jacques<\/td><td class=\"has-text-align-center\" data-align=\"center\">Pr\u00e9sident \/ Responsable \u00c9cole VTT \/ Moniteur<\/td><td><a href=\"mailto:cellierjacquesss83@gmail.com\">cellierjacquesss83@gmail.com<\/a><\/td><td>06-76-56-73-63<\/td><\/tr><tr><td>THEFENNE Pierre<\/td><td class=\"has-text-align-center\" data-align=\"center\">Moniteur<\/td><td><a href=\"mailto:pierre.thefenne@neuf.fr\">pierre.thefenne@neuf.fr<\/a><\/td><td>06-22-11-04-21<\/td><\/tr><tr><td>LESCAVARREC Yves<\/td><td class=\"has-text-align-center\" data-align=\"center\">Initiateur<\/td><td><a href=\"mailto:yves.lescavarrec@sfr.fr\">yves.lescavarrec@sfr.fr<\/a><\/td><td>06-19-29-66-47<\/td><\/tr><tr><td>DHO Jean-Charles<\/td><td class=\"has-text-align-center\" data-align=\"center\">Animateur<\/td><td><a href=\"mailto:jean-charles.dho@laposte.net\">jean-charles.dho@laposte.net<\/a><\/td><td>06-11-56-98-35<\/td><\/tr><tr><td>DART Patrick<\/td><td class=\"has-text-align-center\" data-align=\"center\">Accompagnateur adulte<\/td><td><a href=\"mailto:patrick.m.dart@gmail.com\">patrick.m.dart@gmail.com<\/a><\/td><td>04-94-65-31-28<\/td><\/tr><tr><td>DHO Sandrine<\/td><td class=\"has-text-align-center\" data-align=\"center\">Accompagnatrice adulte<\/td><td><a href=\"mailto:sandrine.dho@laposte.net\">sandrine.dho@laposte.net<\/a><\/td><td>06-14-85-50-91<\/td><\/tr><\/tbody><\/table><\/figure>\n<\/div>\n<\/div>\n\n\n\n<p><br><\/p>\n\n\n\n<figure class=\"wp-block-gallery has-nested-images columns-default is-cropped wp-block-gallery-1 is-layout-flex wp-block-gallery-is-layout-flex\"><\/figure>\n","protected":false},"excerpt":{"rendered":"<p>Le VTT, une passion aux sensations incomparables vous avez entre 7 et 18 ans, filles , gar\u00e7ons, vous aimez le v\u00e9lo, la nature. Venez nous rejoindre dans une ambiance chaleureuse et conviviale. Le projet p\u00e9dagogiqueLe document : ICI Le r\u00e8glement int\u00e9rieurLe document : ICI Des moniteurs dipl\u00f4m\u00e9s vous accueilleront, un programme adapt\u00e9 vous permettra d&rsquo;am\u00e9liorer [&hellip;]<\/p>\n","protected":false},"author":1,"featured_media":0,"comment_status":"closed","ping_status":"closed","sticky":false,"template":"","format":"standard","meta":{"footnotes":""},"categories":[10],"tags":[],"class_list":["post-40","post","type-post","status-publish","format-standard","hentry","category-les-pratiques"],"_links":{"self":[{"href":"https:\/\/vsch.velosportcyclohyerois.com\/blog\/wp-json\/wp\/v2\/posts\/40","targetHints":{"allow":["GET"]}}],"collection":[{"href":"https:\/\/vsch.velosportcyclohyerois.com\/blog\/wp-json\/wp\/v2\/posts"}],"about":[{"href":"https:\/\/vsch.velosportcyclohyerois.com\/blog\/wp-json\/wp\/v2\/types\/post"}],"author":[{"embeddable":true,"href":"https:\/\/vsch.velosportcyclohyerois.com\/blog\/wp-json\/wp\/v2\/users\/1"}],"replies":[{"embeddable":true,"href":"https:\/\/vsch.velosportcyclohyerois.com\/blog\/wp-json\/wp\/v2\/comments?post=40"}],"version-history":[{"count":16,"href":"https:\/\/vsch.velosportcyclohyerois.com\/blog\/wp-json\/wp\/v2\/posts\/40\/revisions"}],"predecessor-version":[{"id":1363,"href":"https:\/\/vsch.velosportcyclohyerois.com\/blog\/wp-json\/wp\/v2\/posts\/40\/revisions\/1363"}],"wp:attachment":[{"href":"https:\/\/vsch.velosportcyclohyerois.com\/blog\/wp-json\/wp\/v2\/media?parent=40"}],"wp:term":[{"taxonomy":"category","embeddable":true,"href":"https:\/\/vsch.velosportcyclohyerois.com\/blog\/wp-json\/wp\/v2\/categories?post=40"},{"taxonomy":"post_tag","embeddable":true,"href":"https:\/\/vsch.velosportcyclohyerois.com\/blog\/wp-json\/wp\/v2\/tags?post=40"}],"curies":[{"name":"wp","href":"https:\/\/api.w.org\/{rel}","templated":true}]}}