{"id":494,"date":"2024-04-17T12:50:48","date_gmt":"2024-04-17T10:50:48","guid":{"rendered":"https:\/\/vsch.velosportcyclohyerois.com\/blog\/?p=494"},"modified":"2026-04-20T07:53:40","modified_gmt":"2026-04-20T05:53:40","slug":"albums-photos","status":"publish","type":"post","link":"https:\/\/vsch.velosportcyclohyerois.com\/blog\/2024\/04\/17\/albums-photos\/","title":{"rendered":"Albums photos"},"content":{"rendered":"\n<figure class=\"wp-block-table is-style-stripes\"><table><thead><tr><th class=\"has-text-align-center\" data-align=\"center\"><strong>DATE<\/strong><\/th><th><strong>ORGANISATION<\/strong><\/th><th><strong>CR\u00c9DIT PHOTOS<\/strong><\/th><th><strong>LIEN VERS L&rsquo;ALBUM<\/strong><\/th><\/tr><\/thead><tbody><tr><td class=\"has-text-align-center\" data-align=\"center\">2026-04-18&#8230;19<\/td><td>BRM300<\/td><td>VSCH<\/td><td><a href=\"https:\/\/photos.app.goo.gl\/neisF6srRUcGx66f8\" target=\"_blank\" rel=\"noreferrer noopener\"><img loading=\"lazy\" decoding=\"async\" width=\"50\" height=\"32\" class=\"wp-image-1160\" style=\"width: 50px;\" src=\"https:\/\/vsch.velosportcyclohyerois.com\/blog\/wp-content\/uploads\/2025\/02\/logo_appreil_photo.jpg\" alt=\"\"><\/a><\/td><\/tr><tr><td class=\"has-text-align-center\" data-align=\"center\">2026-04-04&#8230;05<\/td><td>P\u00e2ques en Provence (Sault)<\/td><td>VSCH<\/td><td><a href=\"https:\/\/photos.app.goo.gl\/kWRg1ovgyJSDfjdXA\" target=\"_blank\" rel=\"noreferrer noopener\"><img loading=\"lazy\" decoding=\"async\" width=\"50\" height=\"32\" class=\"wp-image-1160\" style=\"width: 50px;\" src=\"https:\/\/vsch.velosportcyclohyerois.com\/blog\/wp-content\/uploads\/2025\/02\/logo_appreil_photo.jpg\" alt=\"\"><\/a><\/td><\/tr><tr><td class=\"has-text-align-center\" data-align=\"center\">2026-03-29<\/td><td>La Hy\u00e9roise<\/td><td>VSCH<\/td><td><a href=\"https:\/\/photos.app.goo.gl\/RniG4aYVj2fJuWo96\" target=\"_blank\" rel=\"noreferrer noopener\"><img loading=\"lazy\" decoding=\"async\" width=\"50\" height=\"32\" class=\"wp-image-1160\" style=\"width: 50px;\" src=\"https:\/\/vsch.velosportcyclohyerois.com\/blog\/wp-content\/uploads\/2025\/02\/logo_appreil_photo.jpg\" alt=\"\"><\/a><\/td><\/tr><tr><td class=\"has-text-align-center\" data-align=\"center\">2026-03-14<\/td><td>BRM200<\/td><td>VSCH<\/td><td><a href=\"https:\/\/photos.app.goo.gl\/S3VQQtMydTHSD8QX8\" target=\"_blank\" rel=\"noreferrer noopener\"><img loading=\"lazy\" decoding=\"async\" width=\"50\" height=\"32\" class=\"wp-image-1160\" style=\"width: 50px;\" src=\"https:\/\/vsch.velosportcyclohyerois.com\/blog\/wp-content\/uploads\/2025\/02\/logo_appreil_photo.jpg\" alt=\"\"><\/a><\/td><\/tr><tr><td class=\"has-text-align-center\" data-align=\"center\">2026-02-22<\/td><td>CHCV d&rsquo;Hy\u00e8res aux Borrels<\/td><td>VSCH<\/td><td><a href=\"https:\/\/photos.app.goo.gl\/8Dcrj1f4pNDP92GMA\" target=\"_blank\" rel=\"noreferrer noopener\"><img loading=\"lazy\" decoding=\"async\" width=\"50\" height=\"32\" class=\"wp-image-1160\" style=\"width: 50px;\" src=\"https:\/\/vsch.velosportcyclohyerois.com\/blog\/wp-content\/uploads\/2025\/02\/logo_appreil_photo.jpg\" alt=\"\"><\/a><\/td><\/tr><tr><td class=\"has-text-align-center\" data-align=\"center\">2026-01-11<\/td><td>CHCV La Farl\u00e8de<\/td><td>CC La Farl\u00e8de<\/td><td><a href=\"https:\/\/photos.google.com\/share\/AF1QipP4FxBI-WBVqoRVbIICvZzQuTNShfflM3au2QWTjVJKDcGDlXzKknTOPIBWhkq0xw?key=cjZIVjF4U05qVUpFc3EyNk5TTS0xdGZTOEsySWFn\" target=\"_blank\" rel=\"noreferrer noopener\"><img loading=\"lazy\" decoding=\"async\" width=\"50\" height=\"32\" class=\"wp-image-1160\" style=\"width: 50px;\" src=\"https:\/\/vsch.velosportcyclohyerois.com\/blog\/wp-content\/uploads\/2025\/02\/logo_appreil_photo.jpg\" alt=\"\"><\/a><\/td><\/tr><tr><td class=\"has-text-align-center\" data-align=\"center\">2025-12-14<\/td><td>CHCV La Crau<\/td><td>CC La Crau<\/td><td><a href=\"https:\/\/usccyclo-lacrau.clubeo.com\/galeries-photo\/chcv-du-club-cyclotouriste-la-crau.html\" target=\"_blank\" rel=\"noreferrer noopener\"><img loading=\"lazy\" decoding=\"async\" width=\"50\" height=\"32\" class=\"wp-image-1160\" style=\"width: 50px;\" src=\"https:\/\/vsch.velosportcyclohyerois.com\/blog\/wp-content\/uploads\/2025\/02\/logo_appreil_photo.jpg\" alt=\"\"><\/a> <\/td><\/tr><tr><td class=\"has-text-align-center\" data-align=\"center\">2025-10-26<\/td><td>Les Boucles Farl\u00e9doises<\/td><td>CC La Farl\u00e8de<\/td><td><a href=\"https:\/\/www.cclafarlede.fr\/boucles-farledoises.html\" target=\"_blank\" rel=\"noreferrer noopener\"><img loading=\"lazy\" decoding=\"async\" width=\"50\" height=\"32\" class=\"wp-image-1160\" style=\"width: 50px;\" src=\"https:\/\/vsch.velosportcyclohyerois.com\/blog\/wp-content\/uploads\/2025\/02\/logo_appreil_photo.jpg\" alt=\"\"><\/a> <br>Liens en bas de la page<\/td><\/tr><tr><td class=\"has-text-align-center\" data-align=\"center\">2025-10-04&#8230;11<\/td><td>Rallye du Beaujolais<\/td><td>Diverses personnes<\/td><td><a href=\"https:\/\/photos.app.goo.gl\/KpdMhTu6FW5ypYsZA\" target=\"_blank\" rel=\"noreferrer noopener\"><img loading=\"lazy\" decoding=\"async\" width=\"50\" height=\"32\" class=\"wp-image-1160\" style=\"width: 50px;\" src=\"https:\/\/vsch.velosportcyclohyerois.com\/blog\/wp-content\/uploads\/2025\/02\/logo_appreil_photo.jpg\" alt=\"\"><\/a><\/td><\/tr><tr><td class=\"has-text-align-center\" data-align=\"center\">2025-08-15<\/td><td>Concentration estivale du VSCH<\/td><td>VSCH<\/td><td><a href=\"https:\/\/photos.app.goo.gl\/ZfhVGbVtbHA2CLEN7\" target=\"_blank\" rel=\"noreferrer noopener\"><img loading=\"lazy\" decoding=\"async\" width=\"50\" height=\"32\" class=\"wp-image-1160\" style=\"width: 50px;\" src=\"https:\/\/vsch.velosportcyclohyerois.com\/blog\/wp-content\/uploads\/2025\/02\/logo_appreil_photo.jpg\" alt=\"\"><\/a><\/td><\/tr><tr><td class=\"has-text-align-center\" data-align=\"center\">2025-06-19<\/td><td>Cocktail des b\u00e9n\u00e9voles<\/td><td>Diverses personnes<\/td><td><a href=\"https:\/\/photos.app.goo.gl\/76s473pE9rBxCfpo8\" target=\"_blank\" rel=\"noreferrer noopener\"><img loading=\"lazy\" decoding=\"async\" width=\"50\" height=\"32\" class=\"wp-image-1160\" style=\"width: 50px;\" src=\"https:\/\/vsch.velosportcyclohyerois.com\/blog\/wp-content\/uploads\/2025\/02\/logo_appreil_photo.jpg\" alt=\"\"><\/a><\/td><\/tr><tr><td class=\"has-text-align-center\" data-align=\"center\">2025-05-16&#8230;18<\/td><td>WE club dans le Verdon<\/td><td>Diverses personnes<\/td><td><a href=\"https:\/\/photos.app.goo.gl\/7aE5nnzQAodViqWL7\" target=\"_blank\" rel=\"noreferrer noopener\"><img loading=\"lazy\" decoding=\"async\" width=\"50\" height=\"32\" class=\"wp-image-1160\" style=\"width: 50px;\" src=\"https:\/\/vsch.velosportcyclohyerois.com\/blog\/wp-content\/uploads\/2025\/02\/logo_appreil_photo.jpg\" alt=\"\"><\/a><\/td><\/tr><tr><td class=\"has-text-align-center\" data-align=\"center\">2025-04-27<\/td><td>Ronde des Maures<\/td><td>CCRG<\/td><td><a href=\"https:\/\/ccrglagarde.clubeo.com\/galeries-photo\/27-avril-2025-la-ronde-des-maures.html\" target=\"_blank\" rel=\"noreferrer noopener\"><img loading=\"lazy\" decoding=\"async\" width=\"50\" height=\"32\" class=\"wp-image-1160\" style=\"width: 50px;\" src=\"https:\/\/vsch.velosportcyclohyerois.com\/blog\/wp-content\/uploads\/2025\/02\/logo_appreil_photo.jpg\" alt=\"\"><\/a><\/td><\/tr><tr><td class=\"has-text-align-center\" data-align=\"center\">2025-04-19&#8230;20<\/td><td>P\u00e2ques en Provence (Boll\u00e8ne)<\/td><td>Diverses personnes<\/td><td><a href=\"https:\/\/photos.app.goo.gl\/Sx6Akp5tvXE7S6Zq8\" target=\"_blank\" rel=\"noreferrer noopener\"><img loading=\"lazy\" decoding=\"async\" width=\"50\" height=\"32\" class=\"wp-image-1160\" style=\"width: 50px;\" src=\"https:\/\/vsch.velosportcyclohyerois.com\/blog\/wp-content\/uploads\/2025\/02\/logo_appreil_photo.jpg\" alt=\"\"><\/a><\/td><\/tr><tr><td class=\"has-text-align-center\" data-align=\"center\">2025-04-13<\/td><td>La Maurin des Maures<\/td><td>Diverses personnes<\/td><td><a href=\"https:\/\/www.lamaurindesmaures.com\/galerie\/\" target=\"_blank\" rel=\"noreferrer noopener\"><img loading=\"lazy\" decoding=\"async\" width=\"50\" height=\"32\" class=\"wp-image-1160\" style=\"width: 50px;\" src=\"https:\/\/vsch.velosportcyclohyerois.com\/blog\/wp-content\/uploads\/2025\/02\/logo_appreil_photo.jpg\" alt=\"\"><\/a><\/td><\/tr><tr><td class=\"has-text-align-center\" data-align=\"center\">2025-03-30<\/td><td>La Hy\u00e9roise<\/td><td>VSCH<\/td><td><a href=\"https:\/\/photos.app.goo.gl\/gm7R4mg3k5DNNHWp7\" target=\"_blank\" rel=\"noreferrer noopener\"><img loading=\"lazy\" decoding=\"async\" width=\"50\" height=\"32\" class=\"wp-image-1160\" style=\"width: 50px;\" src=\"https:\/\/vsch.velosportcyclohyerois.com\/blog\/wp-content\/uploads\/2025\/02\/logo_appreil_photo.jpg\" alt=\"\"><\/a><\/td><\/tr><tr><td class=\"has-text-align-center\" data-align=\"center\">2025-02-23<\/td><td>CHCV Hy\u00e8res<\/td><td>VSCH<\/td><td><a href=\"https:\/\/photos.app.goo.gl\/Je6YpPnFhdE7smDNA\" target=\"_blank\" rel=\"noreferrer noopener\"><img loading=\"lazy\" decoding=\"async\" width=\"50\" height=\"32\" class=\"wp-image-1160\" style=\"width: 50px;\" src=\"https:\/\/vsch.velosportcyclohyerois.com\/blog\/wp-content\/uploads\/2025\/02\/logo_appreil_photo.jpg\" alt=\"\"><\/a><\/td><\/tr><tr><td class=\"has-text-align-center\" data-align=\"center\">2025-02-16<\/td><td>CHCV La Seyne<\/td><td>CSMCS Cyclotourisme<\/td><td><a href=\"https:\/\/photos.app.goo.gl\/s7QerH1A8Gkw4BDt8\" target=\"_blank\" rel=\"noreferrer noopener\"><img loading=\"lazy\" decoding=\"async\" width=\"50\" height=\"32\" class=\"wp-image-1160\" style=\"width: 50px;\" src=\"https:\/\/vsch.velosportcyclohyerois.com\/blog\/wp-content\/uploads\/2025\/02\/logo_appreil_photo.jpg\" alt=\"\"><\/a><\/td><\/tr><tr><td class=\"has-text-align-center\" data-align=\"center\">2025-02-09<\/td><td>CHCV La Valette<\/td><td>La Valette Cyclo<\/td><td><a href=\"https:\/\/photos.app.goo.gl\/wET42QeQi3kyhzNK9\" target=\"_blank\" rel=\"noreferrer noopener\"><img loading=\"lazy\" decoding=\"async\" width=\"50\" height=\"32\" class=\"wp-image-1160\" style=\"width: 50px;\" src=\"https:\/\/vsch.velosportcyclohyerois.com\/blog\/wp-content\/uploads\/2025\/02\/logo_appreil_photo.jpg\" alt=\"\"><\/a><\/td><\/tr><tr><td class=\"has-text-align-center\" data-align=\"center\">2025-02-02<\/td><td>CHCV Sanary<\/td><td>SCS<\/td><td><a href=\"https:\/\/photos.app.goo.gl\/yJ4S3qvc2ZAX5G6H6\" target=\"_blank\" rel=\"noreferrer noopener\"><img loading=\"lazy\" decoding=\"async\" width=\"50\" height=\"32\" class=\"wp-image-1160\" style=\"width: 50px;\" src=\"https:\/\/vsch.velosportcyclohyerois.com\/blog\/wp-content\/uploads\/2025\/02\/logo_appreil_photo.jpg\" alt=\"\"><\/a><\/td><\/tr><tr><td class=\"has-text-align-center\" data-align=\"center\">2025-01-25<\/td><td>CHCV La Londe<\/td><td>UCPL<\/td><td><a href=\"https:\/\/photos.app.goo.gl\/pVL6Hpg1RG7czyKu7\" target=\"_blank\" rel=\"noreferrer noopener\"><img loading=\"lazy\" decoding=\"async\" width=\"50\" height=\"32\" class=\"wp-image-1160\" style=\"width: 50px;\" src=\"https:\/\/vsch.velosportcyclohyerois.com\/blog\/wp-content\/uploads\/2025\/02\/logo_appreil_photo.jpg\" alt=\"\"><\/a><\/td><\/tr><tr><td class=\"has-text-align-center\" data-align=\"center\">2025-01-24<\/td><td>Assembl\u00e9e G\u00e9n\u00e9rale du VSCH<\/td><td>Diverses personnes<\/td><td><a href=\"https:\/\/photos.app.goo.gl\/qjsXvmqHsNam7CHw7\" target=\"_blank\" rel=\"noreferrer noopener\"><img loading=\"lazy\" decoding=\"async\" width=\"50\" height=\"32\" class=\"wp-image-1160\" style=\"width: 50px;\" src=\"https:\/\/vsch.velosportcyclohyerois.com\/blog\/wp-content\/uploads\/2025\/02\/logo_appreil_photo.jpg\" alt=\"\"><\/a><\/td><\/tr><tr><td class=\"has-text-align-center\" data-align=\"center\">2025-01-19<\/td><td>CHCV La Garde<\/td><td>CCRG<\/td><td><a href=\"https:\/\/e.pcloud.link\/publink\/show?code=kZ4kHKZV0rafMiy7Y7lVwncSAF7MmyEHfTy\" target=\"_blank\" rel=\"noreferrer noopener\"><img loading=\"lazy\" decoding=\"async\" width=\"50\" height=\"32\" class=\"wp-image-1160\" style=\"width: 50px;\" src=\"https:\/\/vsch.velosportcyclohyerois.com\/blog\/wp-content\/uploads\/2025\/02\/logo_appreil_photo.jpg\" alt=\"\"><\/a><\/td><\/tr><tr><td class=\"has-text-align-center\" data-align=\"center\">2025-01-12<\/td><td>Vin chaud + photo club<\/td><td>Diverses personnes<\/td><td><a href=\"https:\/\/photos.google.com\/share\/AF1QipPvwJaJaQh3nWidyqu4nxlesbONB4fMYJFHPNV24w6Uw5QrWdwejW8C4O_YU3d0bg?key=VC1QQktManF5VW1CdTh6QWZESmRaeVcySC1qOEdn\" target=\"_blank\" rel=\"noreferrer noopener\"><img loading=\"lazy\" decoding=\"async\" width=\"50\" height=\"32\" class=\"wp-image-1160\" style=\"width: 50px;\" src=\"https:\/\/vsch.velosportcyclohyerois.com\/blog\/wp-content\/uploads\/2025\/02\/logo_appreil_photo.jpg\" alt=\"\"><\/a><\/td><\/tr><tr><td class=\"has-text-align-center\" data-align=\"center\">2025-01-12<\/td><td>CHCV La Farl\u00e8de<\/td><td>CCF<\/td><td><a href=\"https:\/\/e.pcloud.link\/publink\/show?code=kZgvcwZujLeomKqCQmHPRCGgaNMvjHc4moy\" target=\"_blank\" rel=\"noreferrer noopener\"><img loading=\"lazy\" decoding=\"async\" width=\"50\" height=\"32\" class=\"wp-image-1160\" style=\"width: 50px;\" src=\"https:\/\/vsch.velosportcyclohyerois.com\/blog\/wp-content\/uploads\/2025\/02\/logo_appreil_photo.jpg\" alt=\"\"><\/a><\/td><\/tr><tr><td class=\"has-text-align-center\" data-align=\"center\">2024-12-01<\/td><td>CHCV La Crau<\/td><td>CCLC<\/td><td><a href=\"https:\/\/e.pcloud.link\/publink\/show?code=kZIkywZN1y70EQb5ALuVS1mD6rVsL4jvFJV\" target=\"_blank\" rel=\"noreferrer noopener\"><img loading=\"lazy\" decoding=\"async\" width=\"50\" height=\"32\" class=\"wp-image-1160\" style=\"width: 50px;\" src=\"https:\/\/vsch.velosportcyclohyerois.com\/blog\/wp-content\/uploads\/2025\/02\/logo_appreil_photo.jpg\" alt=\"\"><\/a><\/td><\/tr><tr><td class=\"has-text-align-center\" data-align=\"center\">2024-11-10<\/td><td>CHCV Bandol<\/td><td>ACBB<\/td><td><a href=\"https:\/\/www.acbbandol.com\/photos-du-club\/chcv-2024-405083\" target=\"_blank\" rel=\"noreferrer noopener\"><img loading=\"lazy\" decoding=\"async\" width=\"50\" height=\"32\" class=\"wp-image-1160\" style=\"width: 50px;\" src=\"https:\/\/vsch.velosportcyclohyerois.com\/blog\/wp-content\/uploads\/2025\/02\/logo_appreil_photo.jpg\" alt=\"\"><\/a><\/td><\/tr><tr><td class=\"has-text-align-center\" data-align=\"center\">2024-10-13<\/td><td>Hommage \u00e0 Philippe BETTONI<\/td><td>Diverses personnes<\/td><td><a href=\"https:\/\/photos.google.com\/share\/AF1QipOjHIYEtrHu6actxk5qBsJVwMQKUrzi2zlA6rEXTXdpS8DFWwKmP-aKS5nHMrcq-g?key=VnVNcS1JeTBPcjdWdWRTRzE4aDlkVGZWMUZjMDVR\" target=\"_blank\" rel=\"noreferrer noopener\"><img loading=\"lazy\" decoding=\"async\" width=\"50\" height=\"32\" class=\"wp-image-1160\" style=\"width: 50px;\" src=\"https:\/\/vsch.velosportcyclohyerois.com\/blog\/wp-content\/uploads\/2025\/02\/logo_appreil_photo.jpg\" alt=\"\"><\/a><\/td><\/tr><tr><td class=\"has-text-align-center\" data-align=\"center\">2024-06<\/td><td>Tous ensembles \u00e0 Paris<\/td><td>Diverses personnes<\/td><td><a href=\"https:\/\/photos.app.goo.gl\/ScYMQzotXjGR5wPQ7\" target=\"_blank\" rel=\"noreferrer noopener\"><img loading=\"lazy\" decoding=\"async\" width=\"50\" height=\"32\" class=\"wp-image-1160\" style=\"width: 50px;\" src=\"https:\/\/vsch.velosportcyclohyerois.com\/blog\/wp-content\/uploads\/2025\/02\/logo_appreil_photo.jpg\" alt=\"\"><\/a><\/td><\/tr><tr><td class=\"has-text-align-center\" data-align=\"center\">2024-04-14<\/td><td>La Ronde des Maures<\/td><td>CCRG<\/td><td><a href=\"https:\/\/e.pcloud.link\/publink\/show?code=kZj5i9ZFAUN9xI5qUbs691zyaQ5auAB0dqy\" target=\"_blank\" rel=\"noreferrer noopener\"><img loading=\"lazy\" decoding=\"async\" width=\"50\" height=\"32\" class=\"wp-image-1160\" style=\"width: 50px;\" src=\"https:\/\/vsch.velosportcyclohyerois.com\/blog\/wp-content\/uploads\/2025\/02\/logo_appreil_photo.jpg\" alt=\"\"><\/a><\/td><\/tr><tr><td class=\"has-text-align-center\" data-align=\"center\">2024-04-14<\/td><td>La Maurin des Maures<\/td><td>VSCH<\/td><td><a href=\"https:\/\/e.pcloud.link\/publink\/show?code=kZX4i9ZOzMBX1if4D5BUDr2ObJydYJpXVNy\" target=\"_blank\" rel=\"noreferrer noopener\"><img loading=\"lazy\" decoding=\"async\" width=\"50\" height=\"32\" class=\"wp-image-1160\" style=\"width: 50px;\" src=\"https:\/\/vsch.velosportcyclohyerois.com\/blog\/wp-content\/uploads\/2025\/02\/logo_appreil_photo.jpg\" alt=\"\"><\/a><\/td><\/tr><tr><td class=\"has-text-align-center\" data-align=\"center\">2024-04-07<\/td><td>La Randonn\u00e9e de Nans<\/td><td>VSCH<\/td><td><a href=\"https:\/\/e.pcloud.link\/publink\/show?code=kZ04i9ZwINSLwHT3lhHBtlPL0AbKYB8QWqV\" target=\"_blank\" rel=\"noreferrer noopener\"><img loading=\"lazy\" decoding=\"async\" width=\"50\" height=\"32\" class=\"wp-image-1160\" style=\"width: 50px;\" src=\"https:\/\/vsch.velosportcyclohyerois.com\/blog\/wp-content\/uploads\/2025\/02\/logo_appreil_photo.jpg\" alt=\"\"><\/a><\/td><\/tr><\/tbody><\/table><\/figure>\n\n\n\n<p><\/p>\n","protected":false},"excerpt":{"rendered":"<p>DATE ORGANISATION CR\u00c9DIT PHOTOS LIEN VERS L&rsquo;ALBUM 2026-04-18&#8230;19 BRM300 VSCH 2026-04-04&#8230;05 P\u00e2ques en Provence (Sault) VSCH 2026-03-29 La Hy\u00e9roise VSCH 2026-03-14 BRM200 VSCH 2026-02-22 CHCV d&rsquo;Hy\u00e8res aux Borrels VSCH 2026-01-11 CHCV La Farl\u00e8de CC La Farl\u00e8de 2025-12-14 CHCV La Crau CC La Crau 2025-10-26 Les Boucles Farl\u00e9doises CC La Farl\u00e8de Liens en bas de la [&hellip;]<\/p>\n","protected":false},"author":1,"featured_media":1160,"comment_status":"closed","ping_status":"closed","sticky":false,"template":"","format":"standard","meta":{"footnotes":""},"categories":[8],"tags":[],"class_list":["post-494","post","type-post","status-publish","format-standard","has-post-thumbnail","hentry","category-prive"],"_links":{"self":[{"href":"https:\/\/vsch.velosportcyclohyerois.com\/blog\/wp-json\/wp\/v2\/posts\/494","targetHints":{"allow":["GET"]}}],"collection":[{"href":"https:\/\/vsch.velosportcyclohyerois.com\/blog\/wp-json\/wp\/v2\/posts"}],"about":[{"href":"https:\/\/vsch.velosportcyclohyerois.com\/blog\/wp-json\/wp\/v2\/types\/post"}],"author":[{"embeddable":true,"href":"https:\/\/vsch.velosportcyclohyerois.com\/blog\/wp-json\/wp\/v2\/users\/1"}],"replies":[{"embeddable":true,"href":"https:\/\/vsch.velosportcyclohyerois.com\/blog\/wp-json\/wp\/v2\/comments?post=494"}],"version-history":[{"count":50,"href":"https:\/\/vsch.velosportcyclohyerois.com\/blog\/wp-json\/wp\/v2\/posts\/494\/revisions"}],"predecessor-version":[{"id":2194,"href":"https:\/\/vsch.velosportcyclohyerois.com\/blog\/wp-json\/wp\/v2\/posts\/494\/revisions\/2194"}],"wp:featuredmedia":[{"embeddable":true,"href":"https:\/\/vsch.velosportcyclohyerois.com\/blog\/wp-json\/wp\/v2\/media\/1160"}],"wp:attachment":[{"href":"https:\/\/vsch.velosportcyclohyerois.com\/blog\/wp-json\/wp\/v2\/media?parent=494"}],"wp:term":[{"taxonomy":"category","embeddable":true,"href":"https:\/\/vsch.velosportcyclohyerois.com\/blog\/wp-json\/wp\/v2\/categories?post=494"},{"taxonomy":"post_tag","embeddable":true,"href":"https:\/\/vsch.velosportcyclohyerois.com\/blog\/wp-json\/wp\/v2\/tags?post=494"}],"curies":[{"name":"wp","href":"https:\/\/api.w.org\/{rel}","templated":true}]}}